{"id":2433,"date":"2016-02-29T11:08:28","date_gmt":"2016-02-29T17:08:28","guid":{"rendered":"http:\/\/dacsa.com.gt\/?p=2433"},"modified":"2016-02-29T11:11:15","modified_gmt":"2016-02-29T17:11:15","slug":"iii-festival-acustico-gaby-moreno-y-sus-amigos","status":"publish","type":"post","link":"http:\/\/dacsa.com.gt\/en\/iii-festival-acustico-gaby-moreno-y-sus-amigos\/","title":{"rendered":"III FESTIVAL AC\u00daSTICO &#8220;GABY MORENO Y SUS AMIGOS&#8221;"},"content":{"rendered":"<p>El jueves 25 de febrero de 2016 se llev\u00f3 a cabo el III Festival Ac\u00fastico de \u201cGaby Moreno y sus amigos\u201d, este es un espect\u00e1culo en el que Moreno invita a algunos artistas para compartir el escenario del Teatro Nacional. Ning\u00fan artista invitado cobra por presentarse por lo que los fondos recaudados fueron donados a FUNDAL, organizaci\u00f3n reconocida mundialmente como un centro de capacitaci\u00f3n dedicado a las personas\u00a0 con sordo-ceguera y discapacidad m\u00faltiple.<\/p>\n<p>&nbsp;<\/p>\n<p>Una vez m\u00e1s Dacsa colabor\u00f3 con FUNDAL \u00a0donando los gafetes de acceso, staff y prensa utilizados el d\u00eda del\u00a0 evento, siendo \u00e9stos parte fundamental para la log\u00edstica del mismo. De esta forma contribuimos con la labor de FUNDAL, para que contin\u00faen trabajando con ni\u00f1os que padecen de sordo ceguera.<\/p>\n<p>&nbsp;<\/p>\n<p>Estamos conscientes de la necesidad de contribuir activamente al desarrollo de la sociedad, por tal raz\u00f3n es de vital importancia b\u00fasqueda de oportunidades para desarrollar nuestra responsabilidad social-empresarial.<\/p>\n\n\t\t<style type=\"text\/css\">\n\t\t\t#gallery-1 {\n\t\t\t\tmargin: auto;\n\t\t\t}\n\t\t\t#gallery-1 .gallery-item {\n\t\t\t\tfloat: left;\n\t\t\t\tmargin-top: 10px;\n\t\t\t\ttext-align: center;\n\t\t\t\twidth: 33%;\n\t\t\t}\n\t\t\t#gallery-1 img {\n\t\t\t\tborder: 2px solid #cfcfcf;\n\t\t\t}\n\t\t\t#gallery-1 .gallery-caption {\n\t\t\t\tmargin-left: 0;\n\t\t\t}\n\t\t\t\/* see gallery_shortcode() in wp-includes\/media.php *\/\n\t\t<\/style>\n\t\t<div id='gallery-1' class='gallery galleryid-2433 gallery-columns-3 gallery-size-medium'><dl class='gallery-item'>\n\t\t\t<dt class='gallery-icon landscape'>\n\t\t\t\t<a href='http:\/\/dacsa.com.gt\/en\/20160225_091623-3\/'><img width=\"300\" height=\"169\" src=\"http:\/\/dacsa.com.gt\/wp-content\/uploads\/2016\/02\/20160225_091623-300x169.jpg\" class=\"attachment-medium size-medium\" alt=\"\" decoding=\"async\" loading=\"lazy\" srcset=\"http:\/\/dacsa.com.gt\/wp-content\/uploads\/2016\/02\/20160225_091623-300x169.jpg 300w, http:\/\/dacsa.com.gt\/wp-content\/uploads\/2016\/02\/20160225_091623-1024x576.jpg 1024w\" sizes=\"(max-width: 300px) 100vw, 300px\" \/><\/a>\n\t\t\t<\/dt><\/dl><dl class='gallery-item'>\n\t\t\t<dt class='gallery-icon landscape'>\n\t\t\t\t<a href='http:\/\/dacsa.com.gt\/en\/20160225_091324-2\/'><img width=\"300\" height=\"169\" src=\"http:\/\/dacsa.com.gt\/wp-content\/uploads\/2016\/02\/20160225_091324-300x169.jpg\" class=\"attachment-medium size-medium\" alt=\"\" decoding=\"async\" loading=\"lazy\" srcset=\"http:\/\/dacsa.com.gt\/wp-content\/uploads\/2016\/02\/20160225_091324-300x169.jpg 300w, http:\/\/dacsa.com.gt\/wp-content\/uploads\/2016\/02\/20160225_091324-1024x576.jpg 1024w\" sizes=\"(max-width: 300px) 100vw, 300px\" \/><\/a>\n\t\t\t<\/dt><\/dl><dl class='gallery-item'>\n\t\t\t<dt class='gallery-icon landscape'>\n\t\t\t\t<a href='http:\/\/dacsa.com.gt\/en\/20160225_091309-2\/'><img width=\"300\" height=\"169\" src=\"http:\/\/dacsa.com.gt\/wp-content\/uploads\/2016\/02\/20160225_091309-300x169.jpg\" class=\"attachment-medium size-medium\" alt=\"\" decoding=\"async\" loading=\"lazy\" srcset=\"http:\/\/dacsa.com.gt\/wp-content\/uploads\/2016\/02\/20160225_091309-300x169.jpg 300w, http:\/\/dacsa.com.gt\/wp-content\/uploads\/2016\/02\/20160225_091309-1024x576.jpg 1024w\" sizes=\"(max-width: 300px) 100vw, 300px\" \/><\/a>\n\t\t\t<\/dt><\/dl><br style=\"clear: both\" \/>\n\t\t<\/div>\n\n","protected":false},"excerpt":{"rendered":"<p>El jueves 25 de febrero de 2016 se llev\u00f3 a cabo el III Festival Ac\u00fastico de \u201cGaby Moreno y sus amigos\u201d, este es un espect\u00e1culo en el que Moreno invita a algunos artistas para compartir el escenario del Teatro Nacional. Ning\u00fan artista invitado cobra por presentarse por lo que los fondos recaudados fueron donados a [&hellip;]<\/p>\n","protected":false},"author":1,"featured_media":2438,"comment_status":"open","ping_status":"open","sticky":false,"template":"","format":"standard","meta":{"ngg_post_thumbnail":0},"categories":[27],"tags":[42,46,47,48],"_links":{"self":[{"href":"http:\/\/dacsa.com.gt\/en\/wp-json\/wp\/v2\/posts\/2433"}],"collection":[{"href":"http:\/\/dacsa.com.gt\/en\/wp-json\/wp\/v2\/posts"}],"about":[{"href":"http:\/\/dacsa.com.gt\/en\/wp-json\/wp\/v2\/types\/post"}],"author":[{"embeddable":true,"href":"http:\/\/dacsa.com.gt\/en\/wp-json\/wp\/v2\/users\/1"}],"replies":[{"embeddable":true,"href":"http:\/\/dacsa.com.gt\/en\/wp-json\/wp\/v2\/comments?post=2433"}],"version-history":[{"count":2,"href":"http:\/\/dacsa.com.gt\/en\/wp-json\/wp\/v2\/posts\/2433\/revisions"}],"predecessor-version":[{"id":2440,"href":"http:\/\/dacsa.com.gt\/en\/wp-json\/wp\/v2\/posts\/2433\/revisions\/2440"}],"wp:featuredmedia":[{"embeddable":true,"href":"http:\/\/dacsa.com.gt\/en\/wp-json\/wp\/v2\/media\/2438"}],"wp:attachment":[{"href":"http:\/\/dacsa.com.gt\/en\/wp-json\/wp\/v2\/media?parent=2433"}],"wp:term":[{"taxonomy":"category","embeddable":true,"href":"http:\/\/dacsa.com.gt\/en\/wp-json\/wp\/v2\/categories?post=2433"},{"taxonomy":"post_tag","embeddable":true,"href":"http:\/\/dacsa.com.gt\/en\/wp-json\/wp\/v2\/tags?post=2433"}],"curies":[{"name":"wp","href":"https:\/\/api.w.org\/{rel}","templated":true}]}}